
			
				

					
				

			
		{"items":"\n\t\t\t\t\t\t\t\t\t\t\t\t\t\t<link rel=\"stylesheet\" id=\"wd-post-types-mod-categories-style-bg-css\" href=\"https:\/\/ambalaje-oradea.b-cdn.net\/wp-content\/themes\/woodmart\/css\/parts\/post-types-mod-categories-style-bg.min.css?ver=8.3.7\" type=\"text\/css\" media=\"all\" \/> \t\t\t\n<article id=\"post-1116003\" class=\"wd-post blog-design-masonry blog-post-loop blog-style-bg wd-add-shadow wd-col post-1116003 post type-post status-publish format-standard has-post-thumbnail hentry category-despre-packaging category-mediu-inconjurator tag-bule-cu-aer tag-folia-cu-bule tag-folie-cu-bule\">\n\t<div class=\"wd-post-inner article-inner\">\n\t\t\t\t\t<div class=\"wd-post-thumb entry-header\">\n\t\t\t\t\t\t\t\t\t<div class=\"wd-post-img post-img-wrapp\">\n\t\t\t\t\t\t<img width=\"1140\" height=\"696\" src=\"https:\/\/ambalaje-oradea.b-cdn.net\/wp-content\/uploads\/2022\/03\/Cum-se-fabrica-folia-cu-bule-de-aer.jpg\" class=\"attachment- size-\" alt=\"Cum se fabrica folia cu bule de aer\" decoding=\"async\" fetchpriority=\"high\" srcset=\"https:\/\/ambalaje-oradea.b-cdn.net\/wp-content\/uploads\/2022\/03\/Cum-se-fabrica-folia-cu-bule-de-aer.jpg 1140w, https:\/\/ambalaje-oradea.b-cdn.net\/wp-content\/uploads\/2022\/03\/Cum-se-fabrica-folia-cu-bule-de-aer-100x61.jpg 100w, https:\/\/ambalaje-oradea.b-cdn.net\/wp-content\/uploads\/2022\/03\/Cum-se-fabrica-folia-cu-bule-de-aer-800x488.jpg 800w, https:\/\/ambalaje-oradea.b-cdn.net\/wp-content\/uploads\/2022\/03\/Cum-se-fabrica-folia-cu-bule-de-aer-300x183.jpg 300w, https:\/\/ambalaje-oradea.b-cdn.net\/wp-content\/uploads\/2022\/03\/Cum-se-fabrica-folia-cu-bule-de-aer-1024x625.jpg 1024w, https:\/\/ambalaje-oradea.b-cdn.net\/wp-content\/uploads\/2022\/03\/Cum-se-fabrica-folia-cu-bule-de-aer-768x469.jpg 768w\" sizes=\"(max-width: 1140px) 100vw, 1140px\" \/>\t\t\t\t\t<\/div>\n\t\t\t\t\t\t\t\t\t\t<a class=\"wd-fill\" tabindex=\"-1\" href=\"https:\/\/ambalaje-oradea.ro\/cum-se-fabrica-folia-cu-bule-de-aer\/\" aria-label=\"Link on post Cum se fabric\u0103 folia cu bule de aer?\"><\/a>\n\t\t\t\t\n\t\t\t\t\t\t\t\t\t\t\t\t<link rel=\"stylesheet\" id=\"wd-post-types-mod-date-style-bg-css\" href=\"https:\/\/ambalaje-oradea.b-cdn.net\/wp-content\/themes\/woodmart\/css\/parts\/post-types-mod-date-style-bg.min.css?ver=8.3.7\" type=\"text\/css\" media=\"all\" \/> \t\t\t\t\t\t<div class=\"wd-post-date wd-style-with-bg\">\n\t\t\t\t<span class=\"post-date-day\">\n\t\t\t\t\t17\t\t\t\t<\/span>\n\t\t\t\t<span class=\"post-date-month\">\n\t\t\t\t\tmart.\t\t\t\t<\/span>\n\t\t\t<\/div>\n\t\t\t\t\t\t\t\t\t<\/div>\n\t\t\n\t\t<div class=\"wd-post-content article-body-container\">\n\t\t\t\t\t\t\t<div class=\"wd-post-cat wd-style-with-bg meta-post-categories\">\n\t\t\t\t\t<a href=\"https:\/\/ambalaje-oradea.ro\/category\/despre-packaging\/\" rel=\"category tag\">Despre packaging<\/a>, <a href=\"https:\/\/ambalaje-oradea.ro\/category\/mediu-inconjurator\/\" rel=\"category tag\">Mediu inconjurator<\/a>\t\t\t\t<\/div>\n\t\t\t\n\t\t\t\t\t\t\t<h3 class=\"wd-post-title wd-entities-title title post-title\">\n\t\t\t\t\t<a href=\"https:\/\/ambalaje-oradea.ro\/cum-se-fabrica-folia-cu-bule-de-aer\/\" rel=\"bookmark\">Cum se fabric\u0103 folia cu bule de aer?<\/a>\n\t\t\t\t<\/h3>\n\t\t\t\n\t\t\t\t\t\t\t<div class=\"wd-post-meta\">\n\t\t\t\t\t\t\t\t\t\t\t\t\t<link rel=\"stylesheet\" id=\"wd-blog-mod-author-css\" href=\"https:\/\/ambalaje-oradea.b-cdn.net\/wp-content\/themes\/woodmart\/css\/parts\/blog-mod-author.min.css?ver=8.3.7\" type=\"text\/css\" media=\"all\" \/> \t\t\t\t\t\t\t\t<div class=\"wd-post-author\">\n\t\t\t\t\t\t\t\t\t\t\t<span>Posted by<\/span>\n\t\t\n\t\t\t\t\t\t\t\n\t\t\t\t\t<a href=\"https:\/\/ambalaje-oradea.ro\/author\/admin\/\" class=\"author\" rel=\"author\">Ovi<\/a>\n\t\t\t\t\t\t\t\t\t<\/div>\n\t\t\t\t\t<div class=\"wd-modified-date\">\n\t\t\t\t\t\t\t\t<time class=\"updated\" datetime=\"2022-03-17T09:09:38+02:00\">\n\t\t\tmartie 17, 2022\t\t<\/time>\n\t\t\t\t\t\t\t<\/div>\n\n\t\t\t\t\t\t\t\t\t\t\t<div tabindex=\"0\" class=\"wd-post-share wd-tltp\">\n\t\t\t\t\t\t\t<div class=\"tooltip top\">\n\t\t\t\t\t\t\t\t<div class=\"tooltip-inner\">\n\t\t\t\t\t\t\t\t\t\t\t\t<link rel=\"stylesheet\" id=\"wd-social-icons-css\" href=\"https:\/\/ambalaje-oradea.b-cdn.net\/wp-content\/themes\/woodmart\/css\/parts\/el-social-icons.min.css?ver=8.3.7\" type=\"text\/css\" media=\"all\" \/> \t\t\t\t\t\t<div\n\t\t\t\t\t\tclass=\" wd-social-icons  wd-style-default wd-size-small social-share wd-shape-circle color-scheme-light text-center\">\n\t\t\t\t\n\t\t\t\t\n\t\t\t\t\t\t\t\t\t<a rel=\"noopener noreferrer nofollow\" href=\"https:\/\/www.facebook.com\/sharer\/sharer.php?u=https:\/\/ambalaje-oradea.ro\/category\/mediu-inconjurator\/\" target=\"_blank\" class=\" wd-social-icon social-facebook\" aria-label=\"Facebook social link\">\n\t\t\t\t\t\t<span class=\"wd-icon\"><\/span>\n\t\t\t\t\t\t\t\t\t\t\t<\/a>\n\t\t\t\t\n\t\t\t\t\t\t\t\t\t<a rel=\"noopener noreferrer nofollow\" href=\"https:\/\/x.com\/share?url=https:\/\/ambalaje-oradea.ro\/category\/mediu-inconjurator\/\" target=\"_blank\" class=\" wd-social-icon social-twitter\" aria-label=\"X social link\">\n\t\t\t\t\t\t<span class=\"wd-icon\"><\/span>\n\t\t\t\t\t\t\t\t\t\t\t<\/a>\n\t\t\t\t\n\t\t\t\t\n\t\t\t\t\n\t\t\t\t\n\t\t\t\t\n\t\t\t\t\n\t\t\t\t\t\t\t\t\t<a rel=\"noopener noreferrer nofollow\" href=\"https:\/\/pinterest.com\/pin\/create\/button\/?url=https:\/\/ambalaje-oradea.ro\/category\/mediu-inconjurator\/&media=https:\/\/ambalaje-oradea.ro\/wp-content\/uploads\/2022\/03\/Cum-se-fabrica-folia-cu-bule-de-aer.jpg&description=Cum+se+fabric%C4%83+folia+cu+bule+de+aer%3F\" target=\"_blank\" class=\" wd-social-icon social-pinterest\" aria-label=\"Pinterest social link\">\n\t\t\t\t\t\t<span class=\"wd-icon\"><\/span>\n\t\t\t\t\t\t\t\t\t\t\t<\/a>\n\t\t\t\t\n\t\t\t\t\n\t\t\t\t\t\t\t\t\t<a rel=\"noopener noreferrer nofollow\" href=\"https:\/\/www.linkedin.com\/shareArticle?mini=true&url=https:\/\/ambalaje-oradea.ro\/category\/mediu-inconjurator\/\" target=\"_blank\" class=\" wd-social-icon social-linkedin\" aria-label=\"Linkedin social link\">\n\t\t\t\t\t\t<span class=\"wd-icon\"><\/span>\n\t\t\t\t\t\t\t\t\t\t\t<\/a>\n\t\t\t\t\n\t\t\t\t\n\t\t\t\t\n\t\t\t\t\n\t\t\t\t\n\t\t\t\t\n\t\t\t\t\n\t\t\t\t\n\t\t\t\t\n\t\t\t\t\n\t\t\t\t\n\t\t\t\t\n\t\t\t\t\n\t\t\t\t\n\t\t\t\t\n\t\t\t\t\t\t\t\t\t<a rel=\"noopener noreferrer nofollow\" href=\"https:\/\/telegram.me\/share\/url?url=https:\/\/ambalaje-oradea.ro\/category\/mediu-inconjurator\/\" target=\"_blank\" class=\" wd-social-icon social-tg\" aria-label=\"Telegram social link\">\n\t\t\t\t\t\t<span class=\"wd-icon\"><\/span>\n\t\t\t\t\t\t\t\t\t\t\t<\/a>\n\t\t\t\t\n\t\t\t\t\n\t\t\t<\/div>\n\n\t\t\t\t\t\t\t\t\t\t<\/div>\n\t\t\t\t\t\t\t\t<div class=\"tooltip-arrow\"><\/div>\n\t\t\t\t\t\t\t<\/div>\n\t\t\t\t\t\t<\/div>\n\t\t\t\t\t\n\t\t\t\t\t\t\t\t\t<\/div>\n\t\t\t\n\t\t\t\t\t\t\t\t\t\t\t\t<div class=\"wd-post-excerpt entry-content\">\n\t\t\t\t\t\tCum se fabric\u0103 folia cu bule de aer?\u00a0\r\nAmbalajele de protec\u021bie au unul dintre cele mai importante roluri \u00een orice opera\u021biune de ambalare - men\u021binerea unui articol \u00een siguran\u021b\u0103 \u00eempotriva loviturilor \u0219i \u0219ocurilor mecanice, astfel \u00eenc\u00e2t acesta s\u0103 ajung\u0103 la destina\u021bie intact \u0219i nedeteriorat.\u00a0\r\n\r\nUn material esen\u021bial \u00een aceast\u0103 gam\u0103 a fost...\t\t\t\t\t<\/div>\n\t\t\t\t\n\t\t\t\t\t\t\t\t\t\t\t\t\t\t<div class=\"wd-post-read-more wd-style-link read-more-section\">\n\t\t\t\t\t\t<a class=\"\" href=\"https:\/\/ambalaje-oradea.ro\/cum-se-fabrica-folia-cu-bule-de-aer\/\">Citeste mai departe<\/a>\t\t\t\t\t<\/div>\n\t\t\t\t\t\t\t\t\t\t\t\t\t<\/div>\n\t<\/div>\n<\/article>\n\n\t\t\t\t\t\t\t\t\t\t\t\n<article id=\"post-1116000\" class=\"wd-post blog-design-masonry blog-post-loop blog-style-bg wd-add-shadow wd-col post-1116000 post type-post status-publish format-standard has-post-thumbnail hentry category-mediu-inconjurator tag-ambalare tag-ambalarea-sustenabila tag-pcr tag-procesul-de-ambalare\">\n\t<div class=\"wd-post-inner article-inner\">\n\t\t\t\t\t<div class=\"wd-post-thumb entry-header\">\n\t\t\t\t\t\t\t\t\t<div class=\"wd-post-img post-img-wrapp\">\n\t\t\t\t\t\t<img width=\"1140\" height=\"696\" src=\"https:\/\/ambalaje-oradea.b-cdn.net\/wp-content\/uploads\/2022\/03\/Introducere-in-impachetarea-sustenabila.jpg\" class=\"attachment- size-\" alt=\"Introducere in impachetarea sustenabila\" decoding=\"async\" srcset=\"https:\/\/ambalaje-oradea.b-cdn.net\/wp-content\/uploads\/2022\/03\/Introducere-in-impachetarea-sustenabila.jpg 1140w, https:\/\/ambalaje-oradea.b-cdn.net\/wp-content\/uploads\/2022\/03\/Introducere-in-impachetarea-sustenabila-100x61.jpg 100w, https:\/\/ambalaje-oradea.b-cdn.net\/wp-content\/uploads\/2022\/03\/Introducere-in-impachetarea-sustenabila-800x488.jpg 800w, https:\/\/ambalaje-oradea.b-cdn.net\/wp-content\/uploads\/2022\/03\/Introducere-in-impachetarea-sustenabila-300x183.jpg 300w, https:\/\/ambalaje-oradea.b-cdn.net\/wp-content\/uploads\/2022\/03\/Introducere-in-impachetarea-sustenabila-1024x625.jpg 1024w, https:\/\/ambalaje-oradea.b-cdn.net\/wp-content\/uploads\/2022\/03\/Introducere-in-impachetarea-sustenabila-768x469.jpg 768w\" sizes=\"(max-width: 1140px) 100vw, 1140px\" \/>\t\t\t\t\t<\/div>\n\t\t\t\t\t\t\t\t\t\t<a class=\"wd-fill\" tabindex=\"-1\" href=\"https:\/\/ambalaje-oradea.ro\/introducere-in-impachetarea-sustenabila\/\" aria-label=\"Link on post Introducere \u00een \u00eempachetarea sustenabil\u0103\"><\/a>\n\t\t\t\t\n\t\t\t\t\t\t\t\t\t\t\t\t<div class=\"wd-post-date wd-style-with-bg\">\n\t\t\t\t<span class=\"post-date-day\">\n\t\t\t\t\t17\t\t\t\t<\/span>\n\t\t\t\t<span class=\"post-date-month\">\n\t\t\t\t\tmart.\t\t\t\t<\/span>\n\t\t\t<\/div>\n\t\t\t\t\t\t\t\t\t<\/div>\n\t\t\n\t\t<div class=\"wd-post-content article-body-container\">\n\t\t\t\t\t\t\t<div class=\"wd-post-cat wd-style-with-bg meta-post-categories\">\n\t\t\t\t\t<a href=\"https:\/\/ambalaje-oradea.ro\/category\/mediu-inconjurator\/\" rel=\"category tag\">Mediu inconjurator<\/a>\t\t\t\t<\/div>\n\t\t\t\n\t\t\t\t\t\t\t<h3 class=\"wd-post-title wd-entities-title title post-title\">\n\t\t\t\t\t<a href=\"https:\/\/ambalaje-oradea.ro\/introducere-in-impachetarea-sustenabila\/\" rel=\"bookmark\">Introducere \u00een \u00eempachetarea sustenabil\u0103<\/a>\n\t\t\t\t<\/h3>\n\t\t\t\n\t\t\t\t\t\t\t<div class=\"wd-post-meta\">\n\t\t\t\t\t\t\t\t\t\t\t\t\t\t\t<div class=\"wd-post-author\">\n\t\t\t\t\t\t\t\t\t\t\t<span>Posted by<\/span>\n\t\t\n\t\t\t\t\t\t\t\n\t\t\t\t\t<a href=\"https:\/\/ambalaje-oradea.ro\/author\/admin\/\" class=\"author\" rel=\"author\">Ovi<\/a>\n\t\t\t\t\t\t\t\t\t<\/div>\n\t\t\t\t\t<div class=\"wd-modified-date\">\n\t\t\t\t\t\t\t\t<time class=\"updated\" datetime=\"2022-03-17T08:55:11+02:00\">\n\t\t\tmartie 17, 2022\t\t<\/time>\n\t\t\t\t\t\t\t<\/div>\n\n\t\t\t\t\t\t\t\t\t\t\t<div tabindex=\"0\" class=\"wd-post-share wd-tltp\">\n\t\t\t\t\t\t\t<div class=\"tooltip top\">\n\t\t\t\t\t\t\t\t<div class=\"tooltip-inner\">\n\t\t\t\t\t\t\t\t\t\t\t\t<div\n\t\t\t\t\t\tclass=\" wd-social-icons  wd-style-default wd-size-small social-share wd-shape-circle color-scheme-light text-center\">\n\t\t\t\t\n\t\t\t\t\n\t\t\t\t\t\t\t\t\t<a rel=\"noopener noreferrer nofollow\" href=\"https:\/\/www.facebook.com\/sharer\/sharer.php?u=https:\/\/ambalaje-oradea.ro\/category\/mediu-inconjurator\/\" target=\"_blank\" class=\" wd-social-icon social-facebook\" aria-label=\"Facebook social link\">\n\t\t\t\t\t\t<span class=\"wd-icon\"><\/span>\n\t\t\t\t\t\t\t\t\t\t\t<\/a>\n\t\t\t\t\n\t\t\t\t\t\t\t\t\t<a rel=\"noopener noreferrer nofollow\" href=\"https:\/\/x.com\/share?url=https:\/\/ambalaje-oradea.ro\/category\/mediu-inconjurator\/\" target=\"_blank\" class=\" wd-social-icon social-twitter\" aria-label=\"X social link\">\n\t\t\t\t\t\t<span class=\"wd-icon\"><\/span>\n\t\t\t\t\t\t\t\t\t\t\t<\/a>\n\t\t\t\t\n\t\t\t\t\n\t\t\t\t\n\t\t\t\t\n\t\t\t\t\n\t\t\t\t\n\t\t\t\t\t\t\t\t\t<a rel=\"noopener noreferrer nofollow\" href=\"https:\/\/pinterest.com\/pin\/create\/button\/?url=https:\/\/ambalaje-oradea.ro\/category\/mediu-inconjurator\/&media=https:\/\/ambalaje-oradea.ro\/wp-content\/uploads\/2022\/03\/Introducere-in-impachetarea-sustenabila.jpg&description=Introducere+%C3%AEn+%C3%AEmpachetarea+sustenabil%C4%83\" target=\"_blank\" class=\" wd-social-icon social-pinterest\" aria-label=\"Pinterest social link\">\n\t\t\t\t\t\t<span class=\"wd-icon\"><\/span>\n\t\t\t\t\t\t\t\t\t\t\t<\/a>\n\t\t\t\t\n\t\t\t\t\n\t\t\t\t\t\t\t\t\t<a rel=\"noopener noreferrer nofollow\" href=\"https:\/\/www.linkedin.com\/shareArticle?mini=true&url=https:\/\/ambalaje-oradea.ro\/category\/mediu-inconjurator\/\" target=\"_blank\" class=\" wd-social-icon social-linkedin\" aria-label=\"Linkedin social link\">\n\t\t\t\t\t\t<span class=\"wd-icon\"><\/span>\n\t\t\t\t\t\t\t\t\t\t\t<\/a>\n\t\t\t\t\n\t\t\t\t\n\t\t\t\t\n\t\t\t\t\n\t\t\t\t\n\t\t\t\t\n\t\t\t\t\n\t\t\t\t\n\t\t\t\t\n\t\t\t\t\n\t\t\t\t\n\t\t\t\t\n\t\t\t\t\n\t\t\t\t\n\t\t\t\t\n\t\t\t\t\t\t\t\t\t<a rel=\"noopener noreferrer nofollow\" href=\"https:\/\/telegram.me\/share\/url?url=https:\/\/ambalaje-oradea.ro\/category\/mediu-inconjurator\/\" target=\"_blank\" class=\" wd-social-icon social-tg\" aria-label=\"Telegram social link\">\n\t\t\t\t\t\t<span class=\"wd-icon\"><\/span>\n\t\t\t\t\t\t\t\t\t\t\t<\/a>\n\t\t\t\t\n\t\t\t\t\n\t\t\t<\/div>\n\n\t\t\t\t\t\t\t\t\t\t<\/div>\n\t\t\t\t\t\t\t\t<div class=\"tooltip-arrow\"><\/div>\n\t\t\t\t\t\t\t<\/div>\n\t\t\t\t\t\t<\/div>\n\t\t\t\t\t\n\t\t\t\t\t\t\t\t\t<\/div>\n\t\t\t\n\t\t\t\t\t\t\t\t\t\t\t\t<div class=\"wd-post-excerpt entry-content\">\n\t\t\t\t\t\tCu aceast\u0103 ocazie, vom \u00eencerca s\u0103 r\u0103spundem c\u00e2t mai simplu \u0219i mai eficient la una dintre \u00eentreb\u0103rile care ne d\u0103 t\u00e2rcoale \u00een ultima perioad\u0103: \u201eCe este ambalajul\/ambalarea sustenabil\u0103 ?\u201d. De\u0219i ne-ar pl\u0103cea s\u0103 \u00ee\u021bi oferim o defini\u021bie sau un ghid exhaustiv dar u\u0219or de utilizat, lucrurile nu sunt pe at\u00e2t...\t\t\t\t\t<\/div>\n\t\t\t\t\n\t\t\t\t\t\t\t\t\t\t\t\t\t\t<div class=\"wd-post-read-more wd-style-link read-more-section\">\n\t\t\t\t\t\t<a class=\"\" href=\"https:\/\/ambalaje-oradea.ro\/introducere-in-impachetarea-sustenabila\/\">Citeste mai departe<\/a>\t\t\t\t\t<\/div>\n\t\t\t\t\t\t\t\t\t\t\t\t\t<\/div>\n\t<\/div>\n<\/article>\n\n\t\t\t\t\t\t\t\t\t\t\t\n<article id=\"post-1115890\" class=\"wd-post blog-design-masonry blog-post-loop blog-style-bg wd-add-shadow wd-col post-1115890 post type-post status-publish format-standard has-post-thumbnail hentry category-mediu-inconjurator tag-plasrtic tag-polimeri tag-politilena\">\n\t<div class=\"wd-post-inner article-inner\">\n\t\t\t\t\t<div class=\"wd-post-thumb entry-header\">\n\t\t\t\t\t\t\t\t\t<div class=\"wd-post-img post-img-wrapp\">\n\t\t\t\t\t\t<img width=\"1140\" height=\"696\" src=\"https:\/\/ambalaje-oradea.b-cdn.net\/wp-content\/uploads\/2022\/01\/Plasticul-Scurt-istoric-al-reciclarii.jpg\" class=\"attachment- size-\" alt=\"Plasticul Scurt istoric al reciclarii\" decoding=\"async\" srcset=\"https:\/\/ambalaje-oradea.b-cdn.net\/wp-content\/uploads\/2022\/01\/Plasticul-Scurt-istoric-al-reciclarii.jpg 1140w, https:\/\/ambalaje-oradea.b-cdn.net\/wp-content\/uploads\/2022\/01\/Plasticul-Scurt-istoric-al-reciclarii-100x61.jpg 100w, https:\/\/ambalaje-oradea.b-cdn.net\/wp-content\/uploads\/2022\/01\/Plasticul-Scurt-istoric-al-reciclarii-800x488.jpg 800w, https:\/\/ambalaje-oradea.b-cdn.net\/wp-content\/uploads\/2022\/01\/Plasticul-Scurt-istoric-al-reciclarii-300x183.jpg 300w, https:\/\/ambalaje-oradea.b-cdn.net\/wp-content\/uploads\/2022\/01\/Plasticul-Scurt-istoric-al-reciclarii-1024x625.jpg 1024w, https:\/\/ambalaje-oradea.b-cdn.net\/wp-content\/uploads\/2022\/01\/Plasticul-Scurt-istoric-al-reciclarii-768x469.jpg 768w\" sizes=\"(max-width: 1140px) 100vw, 1140px\" \/>\t\t\t\t\t<\/div>\n\t\t\t\t\t\t\t\t\t\t<a class=\"wd-fill\" tabindex=\"-1\" href=\"https:\/\/ambalaje-oradea.ro\/plasticul-scurt-istoric-al-reciclarii\/\" aria-label=\"Link on post Plasticul &#8211; Scurt istoric al recicl\u0103rii\"><\/a>\n\t\t\t\t\n\t\t\t\t\t\t\t\t\t\t\t\t<div class=\"wd-post-date wd-style-with-bg\">\n\t\t\t\t<span class=\"post-date-day\">\n\t\t\t\t\t26\t\t\t\t<\/span>\n\t\t\t\t<span class=\"post-date-month\">\n\t\t\t\t\tian.\t\t\t\t<\/span>\n\t\t\t<\/div>\n\t\t\t\t\t\t\t\t\t<\/div>\n\t\t\n\t\t<div class=\"wd-post-content article-body-container\">\n\t\t\t\t\t\t\t<div class=\"wd-post-cat wd-style-with-bg meta-post-categories\">\n\t\t\t\t\t<a href=\"https:\/\/ambalaje-oradea.ro\/category\/mediu-inconjurator\/\" rel=\"category tag\">Mediu inconjurator<\/a>\t\t\t\t<\/div>\n\t\t\t\n\t\t\t\t\t\t\t<h3 class=\"wd-post-title wd-entities-title title post-title\">\n\t\t\t\t\t<a href=\"https:\/\/ambalaje-oradea.ro\/plasticul-scurt-istoric-al-reciclarii\/\" rel=\"bookmark\">Plasticul &#8211; Scurt istoric al recicl\u0103rii<\/a>\n\t\t\t\t<\/h3>\n\t\t\t\n\t\t\t\t\t\t\t<div class=\"wd-post-meta\">\n\t\t\t\t\t\t\t\t\t\t\t\t\t\t\t<div class=\"wd-post-author\">\n\t\t\t\t\t\t\t\t\t\t\t<span>Posted by<\/span>\n\t\t\n\t\t\t\t\t\t\t\n\t\t\t\t\t<a href=\"https:\/\/ambalaje-oradea.ro\/author\/admin\/\" class=\"author\" rel=\"author\">Ovi<\/a>\n\t\t\t\t\t\t\t\t\t<\/div>\n\t\t\t\t\t<div class=\"wd-modified-date\">\n\t\t\t\t\t\t\t\t<time class=\"updated\" datetime=\"2022-01-26T12:37:07+02:00\">\n\t\t\tianuarie 26, 2022\t\t<\/time>\n\t\t\t\t\t\t\t<\/div>\n\n\t\t\t\t\t\t\t\t\t\t\t<div tabindex=\"0\" class=\"wd-post-share wd-tltp\">\n\t\t\t\t\t\t\t<div class=\"tooltip top\">\n\t\t\t\t\t\t\t\t<div class=\"tooltip-inner\">\n\t\t\t\t\t\t\t\t\t\t\t\t<div\n\t\t\t\t\t\tclass=\" wd-social-icons  wd-style-default wd-size-small social-share wd-shape-circle color-scheme-light text-center\">\n\t\t\t\t\n\t\t\t\t\n\t\t\t\t\t\t\t\t\t<a rel=\"noopener noreferrer nofollow\" href=\"https:\/\/www.facebook.com\/sharer\/sharer.php?u=https:\/\/ambalaje-oradea.ro\/category\/mediu-inconjurator\/\" target=\"_blank\" class=\" wd-social-icon social-facebook\" aria-label=\"Facebook social link\">\n\t\t\t\t\t\t<span class=\"wd-icon\"><\/span>\n\t\t\t\t\t\t\t\t\t\t\t<\/a>\n\t\t\t\t\n\t\t\t\t\t\t\t\t\t<a rel=\"noopener noreferrer nofollow\" href=\"https:\/\/x.com\/share?url=https:\/\/ambalaje-oradea.ro\/category\/mediu-inconjurator\/\" target=\"_blank\" class=\" wd-social-icon social-twitter\" aria-label=\"X social link\">\n\t\t\t\t\t\t<span class=\"wd-icon\"><\/span>\n\t\t\t\t\t\t\t\t\t\t\t<\/a>\n\t\t\t\t\n\t\t\t\t\n\t\t\t\t\n\t\t\t\t\n\t\t\t\t\n\t\t\t\t\n\t\t\t\t\t\t\t\t\t<a rel=\"noopener noreferrer nofollow\" href=\"https:\/\/pinterest.com\/pin\/create\/button\/?url=https:\/\/ambalaje-oradea.ro\/category\/mediu-inconjurator\/&media=https:\/\/ambalaje-oradea.ro\/wp-content\/uploads\/2022\/01\/Plasticul-Scurt-istoric-al-reciclarii.jpg&description=Plasticul+%26%238211%3B+Scurt+istoric+al+recicl%C4%83rii\" target=\"_blank\" class=\" wd-social-icon social-pinterest\" aria-label=\"Pinterest social link\">\n\t\t\t\t\t\t<span class=\"wd-icon\"><\/span>\n\t\t\t\t\t\t\t\t\t\t\t<\/a>\n\t\t\t\t\n\t\t\t\t\n\t\t\t\t\t\t\t\t\t<a rel=\"noopener noreferrer nofollow\" href=\"https:\/\/www.linkedin.com\/shareArticle?mini=true&url=https:\/\/ambalaje-oradea.ro\/category\/mediu-inconjurator\/\" target=\"_blank\" class=\" wd-social-icon social-linkedin\" aria-label=\"Linkedin social link\">\n\t\t\t\t\t\t<span class=\"wd-icon\"><\/span>\n\t\t\t\t\t\t\t\t\t\t\t<\/a>\n\t\t\t\t\n\t\t\t\t\n\t\t\t\t\n\t\t\t\t\n\t\t\t\t\n\t\t\t\t\n\t\t\t\t\n\t\t\t\t\n\t\t\t\t\n\t\t\t\t\n\t\t\t\t\n\t\t\t\t\n\t\t\t\t\n\t\t\t\t\n\t\t\t\t\n\t\t\t\t\t\t\t\t\t<a rel=\"noopener noreferrer nofollow\" href=\"https:\/\/telegram.me\/share\/url?url=https:\/\/ambalaje-oradea.ro\/category\/mediu-inconjurator\/\" target=\"_blank\" class=\" wd-social-icon social-tg\" aria-label=\"Telegram social link\">\n\t\t\t\t\t\t<span class=\"wd-icon\"><\/span>\n\t\t\t\t\t\t\t\t\t\t\t<\/a>\n\t\t\t\t\n\t\t\t\t\n\t\t\t<\/div>\n\n\t\t\t\t\t\t\t\t\t\t<\/div>\n\t\t\t\t\t\t\t\t<div class=\"tooltip-arrow\"><\/div>\n\t\t\t\t\t\t\t<\/div>\n\t\t\t\t\t\t<\/div>\n\t\t\t\t\t\n\t\t\t\t\t\t\t\t\t<\/div>\n\t\t\t\n\t\t\t\t\t\t\t\t\t\t\t\t<div class=\"wd-post-excerpt entry-content\">\n\t\t\t\t\t\tPlasticul este un produs relativ nou, cu o istorie pu\u021bin mai mare de un secol, material care a ajuns s\u0103 fie utilizat la scar\u0103 mondial\u0103 relativ recent, \u00eenlocuind h\u00e2rtia \u0219i aluminiul \u00een multe ipostaze, \u00een special \u00een industria de packaging. Se discut\u0103 din ce \u00een ce mai intens despre impactul...\t\t\t\t\t<\/div>\n\t\t\t\t\n\t\t\t\t\t\t\t\t\t\t\t\t\t\t<div class=\"wd-post-read-more wd-style-link read-more-section\">\n\t\t\t\t\t\t<a class=\"\" href=\"https:\/\/ambalaje-oradea.ro\/plasticul-scurt-istoric-al-reciclarii\/\">Citeste mai departe<\/a>\t\t\t\t\t<\/div>\n\t\t\t\t\t\t\t\t\t\t\t\t\t<\/div>\n\t<\/div>\n<\/article>\n\n\t\t\t\t\t\t\t\t\t\t\t\n<article id=\"post-1115886\" class=\"wd-post blog-design-masonry blog-post-loop blog-style-bg wd-add-shadow wd-col post-1115886 post type-post status-publish format-standard has-post-thumbnail hentry category-mediu-inconjurator tag-plastic tag-polimeri tag-politilena\">\n\t<div class=\"wd-post-inner article-inner\">\n\t\t\t\t\t<div class=\"wd-post-thumb entry-header\">\n\t\t\t\t\t\t\t\t\t<div class=\"wd-post-img post-img-wrapp\">\n\t\t\t\t\t\t<img width=\"1140\" height=\"696\" src=\"https:\/\/ambalaje-oradea.b-cdn.net\/wp-content\/uploads\/2022\/01\/Plasticul-Scurt-istoric-tipuri-de-polimeri.jpg\" class=\"attachment- size-\" alt=\"Plasticul Scurt istoric tipuri de polimeri\" decoding=\"async\" srcset=\"https:\/\/ambalaje-oradea.b-cdn.net\/wp-content\/uploads\/2022\/01\/Plasticul-Scurt-istoric-tipuri-de-polimeri.jpg 1140w, https:\/\/ambalaje-oradea.b-cdn.net\/wp-content\/uploads\/2022\/01\/Plasticul-Scurt-istoric-tipuri-de-polimeri-100x61.jpg 100w, https:\/\/ambalaje-oradea.b-cdn.net\/wp-content\/uploads\/2022\/01\/Plasticul-Scurt-istoric-tipuri-de-polimeri-800x488.jpg 800w, https:\/\/ambalaje-oradea.b-cdn.net\/wp-content\/uploads\/2022\/01\/Plasticul-Scurt-istoric-tipuri-de-polimeri-300x183.jpg 300w, https:\/\/ambalaje-oradea.b-cdn.net\/wp-content\/uploads\/2022\/01\/Plasticul-Scurt-istoric-tipuri-de-polimeri-1024x625.jpg 1024w, https:\/\/ambalaje-oradea.b-cdn.net\/wp-content\/uploads\/2022\/01\/Plasticul-Scurt-istoric-tipuri-de-polimeri-768x469.jpg 768w\" sizes=\"(max-width: 1140px) 100vw, 1140px\" \/>\t\t\t\t\t<\/div>\n\t\t\t\t\t\t\t\t\t\t<a class=\"wd-fill\" tabindex=\"-1\" href=\"https:\/\/ambalaje-oradea.ro\/plasticul-scurt-istoric-tipuri-de-polimeri-2\/\" aria-label=\"Link on post Plasticul. Scurt istoric, tipuri de polimeri\"><\/a>\n\t\t\t\t\n\t\t\t\t\t\t\t\t\t\t\t\t<div class=\"wd-post-date wd-style-with-bg\">\n\t\t\t\t<span class=\"post-date-day\">\n\t\t\t\t\t26\t\t\t\t<\/span>\n\t\t\t\t<span class=\"post-date-month\">\n\t\t\t\t\tian.\t\t\t\t<\/span>\n\t\t\t<\/div>\n\t\t\t\t\t\t\t\t\t<\/div>\n\t\t\n\t\t<div class=\"wd-post-content article-body-container\">\n\t\t\t\t\t\t\t<div class=\"wd-post-cat wd-style-with-bg meta-post-categories\">\n\t\t\t\t\t<a href=\"https:\/\/ambalaje-oradea.ro\/category\/mediu-inconjurator\/\" rel=\"category tag\">Mediu inconjurator<\/a>\t\t\t\t<\/div>\n\t\t\t\n\t\t\t\t\t\t\t<h3 class=\"wd-post-title wd-entities-title title post-title\">\n\t\t\t\t\t<a href=\"https:\/\/ambalaje-oradea.ro\/plasticul-scurt-istoric-tipuri-de-polimeri-2\/\" rel=\"bookmark\">Plasticul. Scurt istoric, tipuri de polimeri<\/a>\n\t\t\t\t<\/h3>\n\t\t\t\n\t\t\t\t\t\t\t<div class=\"wd-post-meta\">\n\t\t\t\t\t\t\t\t\t\t\t\t\t\t\t<div class=\"wd-post-author\">\n\t\t\t\t\t\t\t\t\t\t\t<span>Posted by<\/span>\n\t\t\n\t\t\t\t\t\t\t\n\t\t\t\t\t<a href=\"https:\/\/ambalaje-oradea.ro\/author\/admin\/\" class=\"author\" rel=\"author\">Ovi<\/a>\n\t\t\t\t\t\t\t\t\t<\/div>\n\t\t\t\t\t<div class=\"wd-modified-date\">\n\t\t\t\t\t\t\t\t<time class=\"updated\" datetime=\"2022-01-26T13:10:21+02:00\">\n\t\t\tianuarie 26, 2022\t\t<\/time>\n\t\t\t\t\t\t\t<\/div>\n\n\t\t\t\t\t\t\t\t\t\t\t<div tabindex=\"0\" class=\"wd-post-share wd-tltp\">\n\t\t\t\t\t\t\t<div class=\"tooltip top\">\n\t\t\t\t\t\t\t\t<div class=\"tooltip-inner\">\n\t\t\t\t\t\t\t\t\t\t\t\t<div\n\t\t\t\t\t\tclass=\" wd-social-icons  wd-style-default wd-size-small social-share wd-shape-circle color-scheme-light text-center\">\n\t\t\t\t\n\t\t\t\t\n\t\t\t\t\t\t\t\t\t<a rel=\"noopener noreferrer nofollow\" href=\"https:\/\/www.facebook.com\/sharer\/sharer.php?u=https:\/\/ambalaje-oradea.ro\/category\/mediu-inconjurator\/\" target=\"_blank\" class=\" wd-social-icon social-facebook\" aria-label=\"Facebook social link\">\n\t\t\t\t\t\t<span class=\"wd-icon\"><\/span>\n\t\t\t\t\t\t\t\t\t\t\t<\/a>\n\t\t\t\t\n\t\t\t\t\t\t\t\t\t<a rel=\"noopener noreferrer nofollow\" href=\"https:\/\/x.com\/share?url=https:\/\/ambalaje-oradea.ro\/category\/mediu-inconjurator\/\" target=\"_blank\" class=\" wd-social-icon social-twitter\" aria-label=\"X social link\">\n\t\t\t\t\t\t<span class=\"wd-icon\"><\/span>\n\t\t\t\t\t\t\t\t\t\t\t<\/a>\n\t\t\t\t\n\t\t\t\t\n\t\t\t\t\n\t\t\t\t\n\t\t\t\t\n\t\t\t\t\n\t\t\t\t\t\t\t\t\t<a rel=\"noopener noreferrer nofollow\" href=\"https:\/\/pinterest.com\/pin\/create\/button\/?url=https:\/\/ambalaje-oradea.ro\/category\/mediu-inconjurator\/&media=https:\/\/ambalaje-oradea.ro\/wp-content\/uploads\/2022\/01\/Plasticul-Scurt-istoric-tipuri-de-polimeri.jpg&description=Plasticul.+Scurt+istoric%2C+tipuri+de+polimeri\" target=\"_blank\" class=\" wd-social-icon social-pinterest\" aria-label=\"Pinterest social link\">\n\t\t\t\t\t\t<span class=\"wd-icon\"><\/span>\n\t\t\t\t\t\t\t\t\t\t\t<\/a>\n\t\t\t\t\n\t\t\t\t\n\t\t\t\t\t\t\t\t\t<a rel=\"noopener noreferrer nofollow\" href=\"https:\/\/www.linkedin.com\/shareArticle?mini=true&url=https:\/\/ambalaje-oradea.ro\/category\/mediu-inconjurator\/\" target=\"_blank\" class=\" wd-social-icon social-linkedin\" aria-label=\"Linkedin social link\">\n\t\t\t\t\t\t<span class=\"wd-icon\"><\/span>\n\t\t\t\t\t\t\t\t\t\t\t<\/a>\n\t\t\t\t\n\t\t\t\t\n\t\t\t\t\n\t\t\t\t\n\t\t\t\t\n\t\t\t\t\n\t\t\t\t\n\t\t\t\t\n\t\t\t\t\n\t\t\t\t\n\t\t\t\t\n\t\t\t\t\n\t\t\t\t\n\t\t\t\t\n\t\t\t\t\n\t\t\t\t\t\t\t\t\t<a rel=\"noopener noreferrer nofollow\" href=\"https:\/\/telegram.me\/share\/url?url=https:\/\/ambalaje-oradea.ro\/category\/mediu-inconjurator\/\" target=\"_blank\" class=\" wd-social-icon social-tg\" aria-label=\"Telegram social link\">\n\t\t\t\t\t\t<span class=\"wd-icon\"><\/span>\n\t\t\t\t\t\t\t\t\t\t\t<\/a>\n\t\t\t\t\n\t\t\t\t\n\t\t\t<\/div>\n\n\t\t\t\t\t\t\t\t\t\t<\/div>\n\t\t\t\t\t\t\t\t<div class=\"tooltip-arrow\"><\/div>\n\t\t\t\t\t\t\t<\/div>\n\t\t\t\t\t\t<\/div>\n\t\t\t\t\t\n\t\t\t\t\t\t\t\t\t<\/div>\n\t\t\t\n\t\t\t\t\t\t\t\t\t\t\t\t<div class=\"wd-post-excerpt entry-content\">\n\t\t\t\t\t\tPlasticul este unul dintre materialele care a schimbat industria de \u00eempachetare \u00eentr-un mod absolut, materialul fiind folosit at\u00e2t ca element principal (produsele ambalate sau \u00eembuteliate \u00een pungi respectiv flacoane de plastic) c\u00e2t \u0219i ca element secundar (foliile de plastic, folii cu bule, pungile ESD).\u00a0\r\n\r\nPentru a putea discuta despre materialele plastice,...\t\t\t\t\t<\/div>\n\t\t\t\t\n\t\t\t\t\t\t\t\t\t\t\t\t\t\t<div class=\"wd-post-read-more wd-style-link read-more-section\">\n\t\t\t\t\t\t<a class=\"\" href=\"https:\/\/ambalaje-oradea.ro\/plasticul-scurt-istoric-tipuri-de-polimeri-2\/\">Citeste mai departe<\/a>\t\t\t\t\t<\/div>\n\t\t\t\t\t\t\t\t\t\t\t\t\t<\/div>\n\t<\/div>\n<\/article>\n\n\t\t\t\t\t\t\t\t\t\t\t\n<article id=\"post-1115780\" class=\"wd-post blog-design-masonry blog-post-loop blog-style-bg wd-add-shadow wd-col post-1115780 post type-post status-publish format-standard has-post-thumbnail hentry category-despre-packaging category-mediu-inconjurator\">\n\t<div class=\"wd-post-inner article-inner\">\n\t\t\t\t\t<div class=\"wd-post-thumb entry-header\">\n\t\t\t\t\t\t\t\t\t<div class=\"wd-post-img post-img-wrapp\">\n\t\t\t\t\t\t<img width=\"1140\" height=\"696\" src=\"https:\/\/ambalaje-oradea.b-cdn.net\/wp-content\/uploads\/2021\/12\/Metode-simple-de-a-reduce-deseurile-rezultate-din-impachetare-in-depozite.jpg\" class=\"attachment- size-\" alt=\"Metode simple de a reduce deseurile rezultate din impachetare in depozite\" decoding=\"async\" srcset=\"https:\/\/ambalaje-oradea.b-cdn.net\/wp-content\/uploads\/2021\/12\/Metode-simple-de-a-reduce-deseurile-rezultate-din-impachetare-in-depozite.jpg 1140w, https:\/\/ambalaje-oradea.b-cdn.net\/wp-content\/uploads\/2021\/12\/Metode-simple-de-a-reduce-deseurile-rezultate-din-impachetare-in-depozite-100x61.jpg 100w, https:\/\/ambalaje-oradea.b-cdn.net\/wp-content\/uploads\/2021\/12\/Metode-simple-de-a-reduce-deseurile-rezultate-din-impachetare-in-depozite-800x488.jpg 800w, https:\/\/ambalaje-oradea.b-cdn.net\/wp-content\/uploads\/2021\/12\/Metode-simple-de-a-reduce-deseurile-rezultate-din-impachetare-in-depozite-300x183.jpg 300w, https:\/\/ambalaje-oradea.b-cdn.net\/wp-content\/uploads\/2021\/12\/Metode-simple-de-a-reduce-deseurile-rezultate-din-impachetare-in-depozite-1024x625.jpg 1024w, https:\/\/ambalaje-oradea.b-cdn.net\/wp-content\/uploads\/2021\/12\/Metode-simple-de-a-reduce-deseurile-rezultate-din-impachetare-in-depozite-768x469.jpg 768w\" sizes=\"(max-width: 1140px) 100vw, 1140px\" \/>\t\t\t\t\t<\/div>\n\t\t\t\t\t\t\t\t\t\t<a class=\"wd-fill\" tabindex=\"-1\" href=\"https:\/\/ambalaje-oradea.ro\/metode-simple-de-a-reduce-deseurile-rezultate-din-impachetare-in-depozite-2\/\" aria-label=\"Link on post Metode simple de a reduce de\u0219eurile rezultate din \u00eempachetare, \u00een depozite\"><\/a>\n\t\t\t\t\n\t\t\t\t\t\t\t\t\t\t\t\t<div class=\"wd-post-date wd-style-with-bg\">\n\t\t\t\t<span class=\"post-date-day\">\n\t\t\t\t\t14\t\t\t\t<\/span>\n\t\t\t\t<span class=\"post-date-month\">\n\t\t\t\t\tdec.\t\t\t\t<\/span>\n\t\t\t<\/div>\n\t\t\t\t\t\t\t\t\t<\/div>\n\t\t\n\t\t<div class=\"wd-post-content article-body-container\">\n\t\t\t\t\t\t\t<div class=\"wd-post-cat wd-style-with-bg meta-post-categories\">\n\t\t\t\t\t<a href=\"https:\/\/ambalaje-oradea.ro\/category\/despre-packaging\/\" rel=\"category tag\">Despre packaging<\/a>, <a href=\"https:\/\/ambalaje-oradea.ro\/category\/mediu-inconjurator\/\" rel=\"category tag\">Mediu inconjurator<\/a>\t\t\t\t<\/div>\n\t\t\t\n\t\t\t\t\t\t\t<h3 class=\"wd-post-title wd-entities-title title post-title\">\n\t\t\t\t\t<a href=\"https:\/\/ambalaje-oradea.ro\/metode-simple-de-a-reduce-deseurile-rezultate-din-impachetare-in-depozite-2\/\" rel=\"bookmark\">Metode simple de a reduce de\u0219eurile rezultate din \u00eempachetare, \u00een depozite<\/a>\n\t\t\t\t<\/h3>\n\t\t\t\n\t\t\t\t\t\t\t<div class=\"wd-post-meta\">\n\t\t\t\t\t\t\t\t\t\t\t\t\t\t\t<div class=\"wd-post-author\">\n\t\t\t\t\t\t\t\t\t\t\t<span>Posted by<\/span>\n\t\t\n\t\t\t\t\t\t\t\n\t\t\t\t\t<a href=\"https:\/\/ambalaje-oradea.ro\/author\/admin\/\" class=\"author\" rel=\"author\">Ovi<\/a>\n\t\t\t\t\t\t\t\t\t<\/div>\n\t\t\t\t\t<div class=\"wd-modified-date\">\n\t\t\t\t\t\t\t\t<time class=\"updated\" datetime=\"2023-10-27T11:21:09+02:00\">\n\t\t\toctombrie 27, 2023\t\t<\/time>\n\t\t\t\t\t\t\t<\/div>\n\n\t\t\t\t\t\t\t\t\t\t\t<div tabindex=\"0\" class=\"wd-post-share wd-tltp\">\n\t\t\t\t\t\t\t<div class=\"tooltip top\">\n\t\t\t\t\t\t\t\t<div class=\"tooltip-inner\">\n\t\t\t\t\t\t\t\t\t\t\t\t<div\n\t\t\t\t\t\tclass=\" wd-social-icons  wd-style-default wd-size-small social-share wd-shape-circle color-scheme-light text-center\">\n\t\t\t\t\n\t\t\t\t\n\t\t\t\t\t\t\t\t\t<a rel=\"noopener noreferrer nofollow\" href=\"https:\/\/www.facebook.com\/sharer\/sharer.php?u=https:\/\/ambalaje-oradea.ro\/category\/mediu-inconjurator\/\" target=\"_blank\" class=\" wd-social-icon social-facebook\" aria-label=\"Facebook social link\">\n\t\t\t\t\t\t<span class=\"wd-icon\"><\/span>\n\t\t\t\t\t\t\t\t\t\t\t<\/a>\n\t\t\t\t\n\t\t\t\t\t\t\t\t\t<a rel=\"noopener noreferrer nofollow\" href=\"https:\/\/x.com\/share?url=https:\/\/ambalaje-oradea.ro\/category\/mediu-inconjurator\/\" target=\"_blank\" class=\" wd-social-icon social-twitter\" aria-label=\"X social link\">\n\t\t\t\t\t\t<span class=\"wd-icon\"><\/span>\n\t\t\t\t\t\t\t\t\t\t\t<\/a>\n\t\t\t\t\n\t\t\t\t\n\t\t\t\t\n\t\t\t\t\n\t\t\t\t\n\t\t\t\t\n\t\t\t\t\t\t\t\t\t<a rel=\"noopener noreferrer nofollow\" href=\"https:\/\/pinterest.com\/pin\/create\/button\/?url=https:\/\/ambalaje-oradea.ro\/category\/mediu-inconjurator\/&media=https:\/\/ambalaje-oradea.ro\/wp-content\/uploads\/2021\/12\/Metode-simple-de-a-reduce-deseurile-rezultate-din-impachetare-in-depozite.jpg&description=Metode+simple+de+a+reduce+de%C8%99eurile+rezultate+din+%C3%AEmpachetare%2C+%C3%AEn+depozite\" target=\"_blank\" class=\" wd-social-icon social-pinterest\" aria-label=\"Pinterest social link\">\n\t\t\t\t\t\t<span class=\"wd-icon\"><\/span>\n\t\t\t\t\t\t\t\t\t\t\t<\/a>\n\t\t\t\t\n\t\t\t\t\n\t\t\t\t\t\t\t\t\t<a rel=\"noopener noreferrer nofollow\" href=\"https:\/\/www.linkedin.com\/shareArticle?mini=true&url=https:\/\/ambalaje-oradea.ro\/category\/mediu-inconjurator\/\" target=\"_blank\" class=\" wd-social-icon social-linkedin\" aria-label=\"Linkedin social link\">\n\t\t\t\t\t\t<span class=\"wd-icon\"><\/span>\n\t\t\t\t\t\t\t\t\t\t\t<\/a>\n\t\t\t\t\n\t\t\t\t\n\t\t\t\t\n\t\t\t\t\n\t\t\t\t\n\t\t\t\t\n\t\t\t\t\n\t\t\t\t\n\t\t\t\t\n\t\t\t\t\n\t\t\t\t\n\t\t\t\t\n\t\t\t\t\n\t\t\t\t\n\t\t\t\t\n\t\t\t\t\t\t\t\t\t<a rel=\"noopener noreferrer nofollow\" href=\"https:\/\/telegram.me\/share\/url?url=https:\/\/ambalaje-oradea.ro\/category\/mediu-inconjurator\/\" target=\"_blank\" class=\" wd-social-icon social-tg\" aria-label=\"Telegram social link\">\n\t\t\t\t\t\t<span class=\"wd-icon\"><\/span>\n\t\t\t\t\t\t\t\t\t\t\t<\/a>\n\t\t\t\t\n\t\t\t\t\n\t\t\t<\/div>\n\n\t\t\t\t\t\t\t\t\t\t<\/div>\n\t\t\t\t\t\t\t\t<div class=\"tooltip-arrow\"><\/div>\n\t\t\t\t\t\t\t<\/div>\n\t\t\t\t\t\t<\/div>\n\t\t\t\t\t\n\t\t\t\t\t\t\t\t\t<\/div>\n\t\t\t\n\t\t\t\t\t\t\t\t\t\t\t\t<div class=\"wd-post-excerpt entry-content\">\n\t\t\t\t\t\tUna dintre priorit\u0103\u021bile pe care ar trebui s\u0103 le avem cu to\u021bii, fie c\u0103 lucr\u0103m \u00eentr-un depozit ori \u00eentr-un office, \u00een cazul \u00een care lucr\u0103m \u0219i cu materiale de \u00eempachetat, s\u0103 \u00eencerc\u0103m s\u0103 ne limit\u0103m de\u0219eurile la un minim necesar. Moda ecologist\u0103 nu a devenit o mod\u0103 doar pentru c\u0103...\t\t\t\t\t<\/div>\n\t\t\t\t\n\t\t\t\t\t\t\t\t\t\t\t\t\t\t<div class=\"wd-post-read-more wd-style-link read-more-section\">\n\t\t\t\t\t\t<a class=\"\" href=\"https:\/\/ambalaje-oradea.ro\/metode-simple-de-a-reduce-deseurile-rezultate-din-impachetare-in-depozite-2\/\">Citeste mai departe<\/a>\t\t\t\t\t<\/div>\n\t\t\t\t\t\t\t\t\t\t\t\t\t<\/div>\n\t<\/div>\n<\/article>\n\n\t\t\t\t\t\t\t\t\t\t\t\n<article id=\"post-1115697\" class=\"wd-post blog-design-masonry blog-post-loop blog-style-bg wd-add-shadow wd-col post-1115697 post type-post status-publish format-standard has-post-thumbnail hentry category-despre-packaging category-mediu-inconjurator tag-folie-pee tag-folie-polietilena tag-platic tag-polietilena tag-pungi-plastic\">\n\t<div class=\"wd-post-inner article-inner\">\n\t\t\t\t\t<div class=\"wd-post-thumb entry-header\">\n\t\t\t\t\t\t\t\t\t<div class=\"wd-post-img post-img-wrapp\">\n\t\t\t\t\t\t<img width=\"1140\" height=\"696\" src=\"https:\/\/ambalaje-oradea.b-cdn.net\/wp-content\/uploads\/2021\/11\/plasticul-si-tipuri-de-polimeri.jpg\" class=\"attachment- size-\" alt=\"plasticul si tipuri de polimeri\" decoding=\"async\" srcset=\"https:\/\/ambalaje-oradea.b-cdn.net\/wp-content\/uploads\/2021\/11\/plasticul-si-tipuri-de-polimeri.jpg 1140w, https:\/\/ambalaje-oradea.b-cdn.net\/wp-content\/uploads\/2021\/11\/plasticul-si-tipuri-de-polimeri-100x61.jpg 100w, https:\/\/ambalaje-oradea.b-cdn.net\/wp-content\/uploads\/2021\/11\/plasticul-si-tipuri-de-polimeri-800x488.jpg 800w, https:\/\/ambalaje-oradea.b-cdn.net\/wp-content\/uploads\/2021\/11\/plasticul-si-tipuri-de-polimeri-300x183.jpg 300w, https:\/\/ambalaje-oradea.b-cdn.net\/wp-content\/uploads\/2021\/11\/plasticul-si-tipuri-de-polimeri-1024x625.jpg 1024w, https:\/\/ambalaje-oradea.b-cdn.net\/wp-content\/uploads\/2021\/11\/plasticul-si-tipuri-de-polimeri-768x469.jpg 768w\" sizes=\"(max-width: 1140px) 100vw, 1140px\" \/>\t\t\t\t\t<\/div>\n\t\t\t\t\t\t\t\t\t\t<a class=\"wd-fill\" tabindex=\"-1\" href=\"https:\/\/ambalaje-oradea.ro\/plasticul-scurt-istoric-tipuri-de-polimeri\/\" aria-label=\"Link on post Plasticul. Scurt istoric, tipuri de polimeri\"><\/a>\n\t\t\t\t\n\t\t\t\t\t\t\t\t\t\t\t\t<div class=\"wd-post-date wd-style-with-bg\">\n\t\t\t\t<span class=\"post-date-day\">\n\t\t\t\t\t04\t\t\t\t<\/span>\n\t\t\t\t<span class=\"post-date-month\">\n\t\t\t\t\tnov.\t\t\t\t<\/span>\n\t\t\t<\/div>\n\t\t\t\t\t\t\t\t\t<\/div>\n\t\t\n\t\t<div class=\"wd-post-content article-body-container\">\n\t\t\t\t\t\t\t<div class=\"wd-post-cat wd-style-with-bg meta-post-categories\">\n\t\t\t\t\t<a href=\"https:\/\/ambalaje-oradea.ro\/category\/despre-packaging\/\" rel=\"category tag\">Despre packaging<\/a>, <a href=\"https:\/\/ambalaje-oradea.ro\/category\/mediu-inconjurator\/\" rel=\"category tag\">Mediu inconjurator<\/a>\t\t\t\t<\/div>\n\t\t\t\n\t\t\t\t\t\t\t<h3 class=\"wd-post-title wd-entities-title title post-title\">\n\t\t\t\t\t<a href=\"https:\/\/ambalaje-oradea.ro\/plasticul-scurt-istoric-tipuri-de-polimeri\/\" rel=\"bookmark\">Plasticul. Scurt istoric, tipuri de polimeri<\/a>\n\t\t\t\t<\/h3>\n\t\t\t\n\t\t\t\t\t\t\t<div class=\"wd-post-meta\">\n\t\t\t\t\t\t\t\t\t\t\t\t\t\t\t<div class=\"wd-post-author\">\n\t\t\t\t\t\t\t\t\t\t\t<span>Posted by<\/span>\n\t\t\n\t\t\t\t\t\t\t\n\t\t\t\t\t<a href=\"https:\/\/ambalaje-oradea.ro\/author\/admin\/\" class=\"author\" rel=\"author\">Ovi<\/a>\n\t\t\t\t\t\t\t\t\t<\/div>\n\t\t\t\t\t<div class=\"wd-modified-date\">\n\t\t\t\t\t\t\t\t<time class=\"updated\" datetime=\"2021-11-04T11:56:43+02:00\">\n\t\t\tnoiembrie 4, 2021\t\t<\/time>\n\t\t\t\t\t\t\t<\/div>\n\n\t\t\t\t\t\t\t\t\t\t\t<div tabindex=\"0\" class=\"wd-post-share wd-tltp\">\n\t\t\t\t\t\t\t<div class=\"tooltip top\">\n\t\t\t\t\t\t\t\t<div class=\"tooltip-inner\">\n\t\t\t\t\t\t\t\t\t\t\t\t<div\n\t\t\t\t\t\tclass=\" wd-social-icons  wd-style-default wd-size-small social-share wd-shape-circle color-scheme-light text-center\">\n\t\t\t\t\n\t\t\t\t\n\t\t\t\t\t\t\t\t\t<a rel=\"noopener noreferrer nofollow\" href=\"https:\/\/www.facebook.com\/sharer\/sharer.php?u=https:\/\/ambalaje-oradea.ro\/category\/mediu-inconjurator\/\" target=\"_blank\" class=\" wd-social-icon social-facebook\" aria-label=\"Facebook social link\">\n\t\t\t\t\t\t<span class=\"wd-icon\"><\/span>\n\t\t\t\t\t\t\t\t\t\t\t<\/a>\n\t\t\t\t\n\t\t\t\t\t\t\t\t\t<a rel=\"noopener noreferrer nofollow\" href=\"https:\/\/x.com\/share?url=https:\/\/ambalaje-oradea.ro\/category\/mediu-inconjurator\/\" target=\"_blank\" class=\" wd-social-icon social-twitter\" aria-label=\"X social link\">\n\t\t\t\t\t\t<span class=\"wd-icon\"><\/span>\n\t\t\t\t\t\t\t\t\t\t\t<\/a>\n\t\t\t\t\n\t\t\t\t\n\t\t\t\t\n\t\t\t\t\n\t\t\t\t\n\t\t\t\t\n\t\t\t\t\t\t\t\t\t<a rel=\"noopener noreferrer nofollow\" href=\"https:\/\/pinterest.com\/pin\/create\/button\/?url=https:\/\/ambalaje-oradea.ro\/category\/mediu-inconjurator\/&media=https:\/\/ambalaje-oradea.ro\/wp-content\/uploads\/2021\/11\/plasticul-si-tipuri-de-polimeri.jpg&description=Plasticul.+Scurt+istoric%2C+tipuri+de+polimeri\" target=\"_blank\" class=\" wd-social-icon social-pinterest\" aria-label=\"Pinterest social link\">\n\t\t\t\t\t\t<span class=\"wd-icon\"><\/span>\n\t\t\t\t\t\t\t\t\t\t\t<\/a>\n\t\t\t\t\n\t\t\t\t\n\t\t\t\t\t\t\t\t\t<a rel=\"noopener noreferrer nofollow\" href=\"https:\/\/www.linkedin.com\/shareArticle?mini=true&url=https:\/\/ambalaje-oradea.ro\/category\/mediu-inconjurator\/\" target=\"_blank\" class=\" wd-social-icon social-linkedin\" aria-label=\"Linkedin social link\">\n\t\t\t\t\t\t<span class=\"wd-icon\"><\/span>\n\t\t\t\t\t\t\t\t\t\t\t<\/a>\n\t\t\t\t\n\t\t\t\t\n\t\t\t\t\n\t\t\t\t\n\t\t\t\t\n\t\t\t\t\n\t\t\t\t\n\t\t\t\t\n\t\t\t\t\n\t\t\t\t\n\t\t\t\t\n\t\t\t\t\n\t\t\t\t\n\t\t\t\t\n\t\t\t\t\n\t\t\t\t\t\t\t\t\t<a rel=\"noopener noreferrer nofollow\" href=\"https:\/\/telegram.me\/share\/url?url=https:\/\/ambalaje-oradea.ro\/category\/mediu-inconjurator\/\" target=\"_blank\" class=\" wd-social-icon social-tg\" aria-label=\"Telegram social link\">\n\t\t\t\t\t\t<span class=\"wd-icon\"><\/span>\n\t\t\t\t\t\t\t\t\t\t\t<\/a>\n\t\t\t\t\n\t\t\t\t\n\t\t\t<\/div>\n\n\t\t\t\t\t\t\t\t\t\t<\/div>\n\t\t\t\t\t\t\t\t<div class=\"tooltip-arrow\"><\/div>\n\t\t\t\t\t\t\t<\/div>\n\t\t\t\t\t\t<\/div>\n\t\t\t\t\t\n\t\t\t\t\t\t\t\t\t<\/div>\n\t\t\t\n\t\t\t\t\t\t\t\t\t\t\t\t<div class=\"wd-post-excerpt entry-content\">\n\t\t\t\t\t\tPlasticul este unul dintre materialele care a schimbat industria de \u00eempachetare \u00eentr-un mod absolut, materialul fiind folosit at\u00e2t ca element principal (produsele ambalate sau \u00eembuteliate \u00een pungi respectiv flacoane de plastic) c\u00e2t \u0219i ca element secundar (foliile de plastic, foliile cu bule, pungile ESD).\u00a0\r\n\r\nPentru a putea discuta despre materialele plastice,...\t\t\t\t\t<\/div>\n\t\t\t\t\n\t\t\t\t\t\t\t\t\t\t\t\t\t\t<div class=\"wd-post-read-more wd-style-link read-more-section\">\n\t\t\t\t\t\t<a class=\"\" href=\"https:\/\/ambalaje-oradea.ro\/plasticul-scurt-istoric-tipuri-de-polimeri\/\">Citeste mai departe<\/a>\t\t\t\t\t<\/div>\n\t\t\t\t\t\t\t\t\t\t\t\t\t<\/div>\n\t<\/div>\n<\/article>\n\n\t\t\t\t\t\t\t\t\t\t\t\n<article id=\"post-1115588\" class=\"wd-post blog-design-masonry blog-post-loop blog-style-bg wd-add-shadow wd-col post-1115588 post type-post status-publish format-standard has-post-thumbnail hentry category-mediu-inconjurator tag-folia-termoretractabila tag-folie\">\n\t<div class=\"wd-post-inner article-inner\">\n\t\t\t\t\t<div class=\"wd-post-thumb entry-header\">\n\t\t\t\t\t\t\t\t\t<div class=\"wd-post-img post-img-wrapp\">\n\t\t\t\t\t\t<img width=\"1140\" height=\"696\" src=\"https:\/\/ambalaje-oradea.b-cdn.net\/wp-content\/uploads\/2021\/10\/Folia-de-impachetare-extensibila-versus-folia-termoretractabila.jpg\" class=\"attachment- size-\" alt=\"Folia de impachetare extensibila versus folia termoretractabila\" decoding=\"async\" srcset=\"https:\/\/ambalaje-oradea.b-cdn.net\/wp-content\/uploads\/2021\/10\/Folia-de-impachetare-extensibila-versus-folia-termoretractabila.jpg 1140w, https:\/\/ambalaje-oradea.b-cdn.net\/wp-content\/uploads\/2021\/10\/Folia-de-impachetare-extensibila-versus-folia-termoretractabila-100x61.jpg 100w, https:\/\/ambalaje-oradea.b-cdn.net\/wp-content\/uploads\/2021\/10\/Folia-de-impachetare-extensibila-versus-folia-termoretractabila-800x488.jpg 800w, https:\/\/ambalaje-oradea.b-cdn.net\/wp-content\/uploads\/2021\/10\/Folia-de-impachetare-extensibila-versus-folia-termoretractabila-300x183.jpg 300w, https:\/\/ambalaje-oradea.b-cdn.net\/wp-content\/uploads\/2021\/10\/Folia-de-impachetare-extensibila-versus-folia-termoretractabila-1024x625.jpg 1024w, https:\/\/ambalaje-oradea.b-cdn.net\/wp-content\/uploads\/2021\/10\/Folia-de-impachetare-extensibila-versus-folia-termoretractabila-768x469.jpg 768w\" sizes=\"(max-width: 1140px) 100vw, 1140px\" \/>\t\t\t\t\t<\/div>\n\t\t\t\t\t\t\t\t\t\t<a class=\"wd-fill\" tabindex=\"-1\" href=\"https:\/\/ambalaje-oradea.ro\/folia-de-impachetare-extensibila-versus-folia-termoretractabila\/\" aria-label=\"Link on post Folia de \u00eempachetare extensibil\u0103 versus folia termoretractabil\u0103\"><\/a>\n\t\t\t\t\n\t\t\t\t\t\t\t\t\t\t\t\t<div class=\"wd-post-date wd-style-with-bg\">\n\t\t\t\t<span class=\"post-date-day\">\n\t\t\t\t\t07\t\t\t\t<\/span>\n\t\t\t\t<span class=\"post-date-month\">\n\t\t\t\t\toct.\t\t\t\t<\/span>\n\t\t\t<\/div>\n\t\t\t\t\t\t\t\t\t<\/div>\n\t\t\n\t\t<div class=\"wd-post-content article-body-container\">\n\t\t\t\t\t\t\t<div class=\"wd-post-cat wd-style-with-bg meta-post-categories\">\n\t\t\t\t\t<a href=\"https:\/\/ambalaje-oradea.ro\/category\/mediu-inconjurator\/\" rel=\"category tag\">Mediu inconjurator<\/a>\t\t\t\t<\/div>\n\t\t\t\n\t\t\t\t\t\t\t<h3 class=\"wd-post-title wd-entities-title title post-title\">\n\t\t\t\t\t<a href=\"https:\/\/ambalaje-oradea.ro\/folia-de-impachetare-extensibila-versus-folia-termoretractabila\/\" rel=\"bookmark\">Folia de \u00eempachetare extensibil\u0103 versus folia termoretractabil\u0103<\/a>\n\t\t\t\t<\/h3>\n\t\t\t\n\t\t\t\t\t\t\t<div class=\"wd-post-meta\">\n\t\t\t\t\t\t\t\t\t\t\t\t\t\t\t<div class=\"wd-post-author\">\n\t\t\t\t\t\t\t\t\t\t\t<span>Posted by<\/span>\n\t\t\n\t\t\t\t\t\t\t\n\t\t\t\t\t<a href=\"https:\/\/ambalaje-oradea.ro\/author\/admin\/\" class=\"author\" rel=\"author\">Ovi<\/a>\n\t\t\t\t\t\t\t\t\t<\/div>\n\t\t\t\t\t<div class=\"wd-modified-date\">\n\t\t\t\t\t\t\t\t<time class=\"updated\" datetime=\"2021-11-04T11:49:00+02:00\">\n\t\t\tnoiembrie 4, 2021\t\t<\/time>\n\t\t\t\t\t\t\t<\/div>\n\n\t\t\t\t\t\t\t\t\t\t\t<div tabindex=\"0\" class=\"wd-post-share wd-tltp\">\n\t\t\t\t\t\t\t<div class=\"tooltip top\">\n\t\t\t\t\t\t\t\t<div class=\"tooltip-inner\">\n\t\t\t\t\t\t\t\t\t\t\t\t<div\n\t\t\t\t\t\tclass=\" wd-social-icons  wd-style-default wd-size-small social-share wd-shape-circle color-scheme-light text-center\">\n\t\t\t\t\n\t\t\t\t\n\t\t\t\t\t\t\t\t\t<a rel=\"noopener noreferrer nofollow\" href=\"https:\/\/www.facebook.com\/sharer\/sharer.php?u=https:\/\/ambalaje-oradea.ro\/category\/mediu-inconjurator\/\" target=\"_blank\" class=\" wd-social-icon social-facebook\" aria-label=\"Facebook social link\">\n\t\t\t\t\t\t<span class=\"wd-icon\"><\/span>\n\t\t\t\t\t\t\t\t\t\t\t<\/a>\n\t\t\t\t\n\t\t\t\t\t\t\t\t\t<a rel=\"noopener noreferrer nofollow\" href=\"https:\/\/x.com\/share?url=https:\/\/ambalaje-oradea.ro\/category\/mediu-inconjurator\/\" target=\"_blank\" class=\" wd-social-icon social-twitter\" aria-label=\"X social link\">\n\t\t\t\t\t\t<span class=\"wd-icon\"><\/span>\n\t\t\t\t\t\t\t\t\t\t\t<\/a>\n\t\t\t\t\n\t\t\t\t\n\t\t\t\t\n\t\t\t\t\n\t\t\t\t\n\t\t\t\t\n\t\t\t\t\t\t\t\t\t<a rel=\"noopener noreferrer nofollow\" href=\"https:\/\/pinterest.com\/pin\/create\/button\/?url=https:\/\/ambalaje-oradea.ro\/category\/mediu-inconjurator\/&media=https:\/\/ambalaje-oradea.ro\/wp-content\/uploads\/2021\/10\/Folia-de-impachetare-extensibila-versus-folia-termoretractabila.jpg&description=Folia+de+%C3%AEmpachetare+extensibil%C4%83+versus+folia+termoretractabil%C4%83\" target=\"_blank\" class=\" wd-social-icon social-pinterest\" aria-label=\"Pinterest social link\">\n\t\t\t\t\t\t<span class=\"wd-icon\"><\/span>\n\t\t\t\t\t\t\t\t\t\t\t<\/a>\n\t\t\t\t\n\t\t\t\t\n\t\t\t\t\t\t\t\t\t<a rel=\"noopener noreferrer nofollow\" href=\"https:\/\/www.linkedin.com\/shareArticle?mini=true&url=https:\/\/ambalaje-oradea.ro\/category\/mediu-inconjurator\/\" target=\"_blank\" class=\" wd-social-icon social-linkedin\" aria-label=\"Linkedin social link\">\n\t\t\t\t\t\t<span class=\"wd-icon\"><\/span>\n\t\t\t\t\t\t\t\t\t\t\t<\/a>\n\t\t\t\t\n\t\t\t\t\n\t\t\t\t\n\t\t\t\t\n\t\t\t\t\n\t\t\t\t\n\t\t\t\t\n\t\t\t\t\n\t\t\t\t\n\t\t\t\t\n\t\t\t\t\n\t\t\t\t\n\t\t\t\t\n\t\t\t\t\n\t\t\t\t\n\t\t\t\t\t\t\t\t\t<a rel=\"noopener noreferrer nofollow\" href=\"https:\/\/telegram.me\/share\/url?url=https:\/\/ambalaje-oradea.ro\/category\/mediu-inconjurator\/\" target=\"_blank\" class=\" wd-social-icon social-tg\" aria-label=\"Telegram social link\">\n\t\t\t\t\t\t<span class=\"wd-icon\"><\/span>\n\t\t\t\t\t\t\t\t\t\t\t<\/a>\n\t\t\t\t\n\t\t\t\t\n\t\t\t<\/div>\n\n\t\t\t\t\t\t\t\t\t\t<\/div>\n\t\t\t\t\t\t\t\t<div class=\"tooltip-arrow\"><\/div>\n\t\t\t\t\t\t\t<\/div>\n\t\t\t\t\t\t<\/div>\n\t\t\t\t\t\n\t\t\t\t\t\t\t\t\t<\/div>\n\t\t\t\n\t\t\t\t\t\t\t\t\t\t\t\t<div class=\"wd-post-excerpt entry-content\">\n\t\t\t\t\t\tFolia de \u00eempachetare extensibil\u0103 versus folia termoretractabil\u0103. Asem\u0103n\u0103ri \u0219i diferen\u021be\u00a0\r\nC\u00e2nd vine vorba de \u00eempachetare, avem o mul\u021bime de solu\u021bii la dispozi\u021bie, fiecare aplicabil\u0103 \u00een func\u021bie de tipul de marf\u0103 pe care dorim s\u0103 \u00eel depozit\u0103m \u0219i\/sau expediem. Pale\u021bii de m\u0103rfuri, pe de alt\u0103 parte, necesit\u0103 o aten\u021bie deosebit\u0103 deoarece, pe...\t\t\t\t\t<\/div>\n\t\t\t\t\n\t\t\t\t\t\t\t\t\t\t\t\t\t\t<div class=\"wd-post-read-more wd-style-link read-more-section\">\n\t\t\t\t\t\t<a class=\"\" href=\"https:\/\/ambalaje-oradea.ro\/folia-de-impachetare-extensibila-versus-folia-termoretractabila\/\">Citeste mai departe<\/a>\t\t\t\t\t<\/div>\n\t\t\t\t\t\t\t\t\t\t\t\t\t<\/div>\n\t<\/div>\n<\/article>\n\n\t\t\t\t\t\t\t\t\t\t\t\n<article id=\"post-1115584\" class=\"wd-post blog-design-masonry blog-post-loop blog-style-bg wd-add-shadow wd-col post-1115584 post type-post status-publish format-standard has-post-thumbnail hentry category-mediu-inconjurator tag-carton tag-reciclarea-hartiei\">\n\t<div class=\"wd-post-inner article-inner\">\n\t\t\t\t\t<div class=\"wd-post-thumb entry-header\">\n\t\t\t\t\t\t\t\t\t<div class=\"wd-post-img post-img-wrapp\">\n\t\t\t\t\t\t<img width=\"1140\" height=\"696\" src=\"https:\/\/ambalaje-oradea.b-cdn.net\/wp-content\/uploads\/2021\/10\/reciclarea-hartiei.jpg\" class=\"attachment- size-\" alt=\"reciclarea hartiei\" decoding=\"async\" srcset=\"https:\/\/ambalaje-oradea.b-cdn.net\/wp-content\/uploads\/2021\/10\/reciclarea-hartiei.jpg 1140w, https:\/\/ambalaje-oradea.b-cdn.net\/wp-content\/uploads\/2021\/10\/reciclarea-hartiei-100x61.jpg 100w, https:\/\/ambalaje-oradea.b-cdn.net\/wp-content\/uploads\/2021\/10\/reciclarea-hartiei-800x488.jpg 800w, https:\/\/ambalaje-oradea.b-cdn.net\/wp-content\/uploads\/2021\/10\/reciclarea-hartiei-300x183.jpg 300w, https:\/\/ambalaje-oradea.b-cdn.net\/wp-content\/uploads\/2021\/10\/reciclarea-hartiei-1024x625.jpg 1024w, https:\/\/ambalaje-oradea.b-cdn.net\/wp-content\/uploads\/2021\/10\/reciclarea-hartiei-768x469.jpg 768w\" sizes=\"(max-width: 1140px) 100vw, 1140px\" \/>\t\t\t\t\t<\/div>\n\t\t\t\t\t\t\t\t\t\t<a class=\"wd-fill\" tabindex=\"-1\" href=\"https:\/\/ambalaje-oradea.ro\/pe-scurt-despre-reciclarea-hartiei\/\" aria-label=\"Link on post Pe scurt, despre reciclarea h\u00e2rtiei\"><\/a>\n\t\t\t\t\n\t\t\t\t\t\t\t\t\t\t\t\t<div class=\"wd-post-date wd-style-with-bg\">\n\t\t\t\t<span class=\"post-date-day\">\n\t\t\t\t\t07\t\t\t\t<\/span>\n\t\t\t\t<span class=\"post-date-month\">\n\t\t\t\t\toct.\t\t\t\t<\/span>\n\t\t\t<\/div>\n\t\t\t\t\t\t\t\t\t<\/div>\n\t\t\n\t\t<div class=\"wd-post-content article-body-container\">\n\t\t\t\t\t\t\t<div class=\"wd-post-cat wd-style-with-bg meta-post-categories\">\n\t\t\t\t\t<a href=\"https:\/\/ambalaje-oradea.ro\/category\/mediu-inconjurator\/\" rel=\"category tag\">Mediu inconjurator<\/a>\t\t\t\t<\/div>\n\t\t\t\n\t\t\t\t\t\t\t<h3 class=\"wd-post-title wd-entities-title title post-title\">\n\t\t\t\t\t<a href=\"https:\/\/ambalaje-oradea.ro\/pe-scurt-despre-reciclarea-hartiei\/\" rel=\"bookmark\">Pe scurt, despre reciclarea h\u00e2rtiei<\/a>\n\t\t\t\t<\/h3>\n\t\t\t\n\t\t\t\t\t\t\t<div class=\"wd-post-meta\">\n\t\t\t\t\t\t\t\t\t\t\t\t\t\t\t<div class=\"wd-post-author\">\n\t\t\t\t\t\t\t\t\t\t\t<span>Posted by<\/span>\n\t\t\n\t\t\t\t\t\t\t\n\t\t\t\t\t<a href=\"https:\/\/ambalaje-oradea.ro\/author\/admin\/\" class=\"author\" rel=\"author\">Ovi<\/a>\n\t\t\t\t\t\t\t\t\t<\/div>\n\t\t\t\t\t<div class=\"wd-modified-date\">\n\t\t\t\t\t\t\t\t<time class=\"updated\" datetime=\"2021-10-07T06:18:39+02:00\">\n\t\t\toctombrie 7, 2021\t\t<\/time>\n\t\t\t\t\t\t\t<\/div>\n\n\t\t\t\t\t\t\t\t\t\t\t<div tabindex=\"0\" class=\"wd-post-share wd-tltp\">\n\t\t\t\t\t\t\t<div class=\"tooltip top\">\n\t\t\t\t\t\t\t\t<div class=\"tooltip-inner\">\n\t\t\t\t\t\t\t\t\t\t\t\t<div\n\t\t\t\t\t\tclass=\" wd-social-icons  wd-style-default wd-size-small social-share wd-shape-circle color-scheme-light text-center\">\n\t\t\t\t\n\t\t\t\t\n\t\t\t\t\t\t\t\t\t<a rel=\"noopener noreferrer nofollow\" href=\"https:\/\/www.facebook.com\/sharer\/sharer.php?u=https:\/\/ambalaje-oradea.ro\/category\/mediu-inconjurator\/\" target=\"_blank\" class=\" wd-social-icon social-facebook\" aria-label=\"Facebook social link\">\n\t\t\t\t\t\t<span class=\"wd-icon\"><\/span>\n\t\t\t\t\t\t\t\t\t\t\t<\/a>\n\t\t\t\t\n\t\t\t\t\t\t\t\t\t<a rel=\"noopener noreferrer nofollow\" href=\"https:\/\/x.com\/share?url=https:\/\/ambalaje-oradea.ro\/category\/mediu-inconjurator\/\" target=\"_blank\" class=\" wd-social-icon social-twitter\" aria-label=\"X social link\">\n\t\t\t\t\t\t<span class=\"wd-icon\"><\/span>\n\t\t\t\t\t\t\t\t\t\t\t<\/a>\n\t\t\t\t\n\t\t\t\t\n\t\t\t\t\n\t\t\t\t\n\t\t\t\t\n\t\t\t\t\n\t\t\t\t\t\t\t\t\t<a rel=\"noopener noreferrer nofollow\" href=\"https:\/\/pinterest.com\/pin\/create\/button\/?url=https:\/\/ambalaje-oradea.ro\/category\/mediu-inconjurator\/&media=https:\/\/ambalaje-oradea.ro\/wp-content\/uploads\/2021\/10\/reciclarea-hartiei.jpg&description=Pe+scurt%2C+despre+reciclarea+h%C3%A2rtiei\" target=\"_blank\" class=\" wd-social-icon social-pinterest\" aria-label=\"Pinterest social link\">\n\t\t\t\t\t\t<span class=\"wd-icon\"><\/span>\n\t\t\t\t\t\t\t\t\t\t\t<\/a>\n\t\t\t\t\n\t\t\t\t\n\t\t\t\t\t\t\t\t\t<a rel=\"noopener noreferrer nofollow\" href=\"https:\/\/www.linkedin.com\/shareArticle?mini=true&url=https:\/\/ambalaje-oradea.ro\/category\/mediu-inconjurator\/\" target=\"_blank\" class=\" wd-social-icon social-linkedin\" aria-label=\"Linkedin social link\">\n\t\t\t\t\t\t<span class=\"wd-icon\"><\/span>\n\t\t\t\t\t\t\t\t\t\t\t<\/a>\n\t\t\t\t\n\t\t\t\t\n\t\t\t\t\n\t\t\t\t\n\t\t\t\t\n\t\t\t\t\n\t\t\t\t\n\t\t\t\t\n\t\t\t\t\n\t\t\t\t\n\t\t\t\t\n\t\t\t\t\n\t\t\t\t\n\t\t\t\t\n\t\t\t\t\n\t\t\t\t\t\t\t\t\t<a rel=\"noopener noreferrer nofollow\" href=\"https:\/\/telegram.me\/share\/url?url=https:\/\/ambalaje-oradea.ro\/category\/mediu-inconjurator\/\" target=\"_blank\" class=\" wd-social-icon social-tg\" aria-label=\"Telegram social link\">\n\t\t\t\t\t\t<span class=\"wd-icon\"><\/span>\n\t\t\t\t\t\t\t\t\t\t\t<\/a>\n\t\t\t\t\n\t\t\t\t\n\t\t\t<\/div>\n\n\t\t\t\t\t\t\t\t\t\t<\/div>\n\t\t\t\t\t\t\t\t<div class=\"tooltip-arrow\"><\/div>\n\t\t\t\t\t\t\t<\/div>\n\t\t\t\t\t\t<\/div>\n\t\t\t\t\t\n\t\t\t\t\t\t\t\t\t<\/div>\n\t\t\t\n\t\t\t\t\t\t\t\t\t\t\t\t<div class=\"wd-post-excerpt entry-content\">\n\t\t\t\t\t\tPe scurt, despre reciclarea h\u00e2rtiei\u00a0\r\nStarea \u0219i mai ales s\u0103n\u0103tatea mediului \u00eenconjur\u0103tor este unul dintre cele mai fierbin\u021bi subiecte de discu\u021bie din ultima perioad\u0103, o \u00eengrijorare care cre\u0219te \u00eens\u0103 de la un an la altul, pe m\u0103sur\u0103 ce cre\u0219te \u0219i produc\u021bia \u0219i implicit consumul, la nivel mondial. Din ce \u00een ce...\t\t\t\t\t<\/div>\n\t\t\t\t\n\t\t\t\t\t\t\t\t\t\t\t\t\t\t<div class=\"wd-post-read-more wd-style-link read-more-section\">\n\t\t\t\t\t\t<a class=\"\" href=\"https:\/\/ambalaje-oradea.ro\/pe-scurt-despre-reciclarea-hartiei\/\">Citeste mai departe<\/a>\t\t\t\t\t<\/div>\n\t\t\t\t\t\t\t\t\t\t\t\t\t<\/div>\n\t<\/div>\n<\/article>\n\n\t\t\t\t\t\t\t\t\t\t\t\n<article id=\"post-1115225\" class=\"wd-post blog-design-masonry blog-post-loop blog-style-bg wd-add-shadow wd-col post-1115225 post type-post status-publish format-standard has-post-thumbnail hentry category-mediu-inconjurator tag-folie tag-pungi-plastic tag-reciclare\">\n\t<div class=\"wd-post-inner article-inner\">\n\t\t\t\t\t<div class=\"wd-post-thumb entry-header\">\n\t\t\t\t\t\t\t\t\t<div class=\"wd-post-img post-img-wrapp\">\n\t\t\t\t\t\t<img width=\"1140\" height=\"696\" src=\"https:\/\/ambalaje-oradea.b-cdn.net\/wp-content\/uploads\/2021\/09\/Reutilizarea-cea-mai-simpla-metoda-de-a-recicla-pungile-de-plastic-1.jpg\" class=\"attachment- size-\" alt=\"Reutilizarea cea mai simpla metoda de a recicla pungile de plastic 1\" decoding=\"async\" srcset=\"https:\/\/ambalaje-oradea.b-cdn.net\/wp-content\/uploads\/2021\/09\/Reutilizarea-cea-mai-simpla-metoda-de-a-recicla-pungile-de-plastic-1.jpg 1140w, https:\/\/ambalaje-oradea.b-cdn.net\/wp-content\/uploads\/2021\/09\/Reutilizarea-cea-mai-simpla-metoda-de-a-recicla-pungile-de-plastic-1-100x61.jpg 100w, https:\/\/ambalaje-oradea.b-cdn.net\/wp-content\/uploads\/2021\/09\/Reutilizarea-cea-mai-simpla-metoda-de-a-recicla-pungile-de-plastic-1-800x488.jpg 800w, https:\/\/ambalaje-oradea.b-cdn.net\/wp-content\/uploads\/2021\/09\/Reutilizarea-cea-mai-simpla-metoda-de-a-recicla-pungile-de-plastic-1-300x183.jpg 300w, https:\/\/ambalaje-oradea.b-cdn.net\/wp-content\/uploads\/2021\/09\/Reutilizarea-cea-mai-simpla-metoda-de-a-recicla-pungile-de-plastic-1-1024x625.jpg 1024w, https:\/\/ambalaje-oradea.b-cdn.net\/wp-content\/uploads\/2021\/09\/Reutilizarea-cea-mai-simpla-metoda-de-a-recicla-pungile-de-plastic-1-768x469.jpg 768w\" sizes=\"(max-width: 1140px) 100vw, 1140px\" \/>\t\t\t\t\t<\/div>\n\t\t\t\t\t\t\t\t\t\t<a class=\"wd-fill\" tabindex=\"-1\" href=\"https:\/\/ambalaje-oradea.ro\/reutilizarea-cea-mai-simpla-metoda-de-a-recicla-pungile-de-plastic\/\" aria-label=\"Link on post Reutilizarea, cea mai simpl\u0103 metod\u0103 de a recicla pungile de plastic\"><\/a>\n\t\t\t\t\n\t\t\t\t\t\t\t\t\t\t\t\t<div class=\"wd-post-date wd-style-with-bg\">\n\t\t\t\t<span class=\"post-date-day\">\n\t\t\t\t\t03\t\t\t\t<\/span>\n\t\t\t\t<span class=\"post-date-month\">\n\t\t\t\t\tsept.\t\t\t\t<\/span>\n\t\t\t<\/div>\n\t\t\t\t\t\t\t\t\t<\/div>\n\t\t\n\t\t<div class=\"wd-post-content article-body-container\">\n\t\t\t\t\t\t\t<div class=\"wd-post-cat wd-style-with-bg meta-post-categories\">\n\t\t\t\t\t<a href=\"https:\/\/ambalaje-oradea.ro\/category\/mediu-inconjurator\/\" rel=\"category tag\">Mediu inconjurator<\/a>\t\t\t\t<\/div>\n\t\t\t\n\t\t\t\t\t\t\t<h3 class=\"wd-post-title wd-entities-title title post-title\">\n\t\t\t\t\t<a href=\"https:\/\/ambalaje-oradea.ro\/reutilizarea-cea-mai-simpla-metoda-de-a-recicla-pungile-de-plastic\/\" rel=\"bookmark\">Reutilizarea, cea mai simpl\u0103 metod\u0103 de a recicla pungile de plastic<\/a>\n\t\t\t\t<\/h3>\n\t\t\t\n\t\t\t\t\t\t\t<div class=\"wd-post-meta\">\n\t\t\t\t\t\t\t\t\t\t\t\t\t\t\t<div class=\"wd-post-author\">\n\t\t\t\t\t\t\t\t\t\t\t<span>Posted by<\/span>\n\t\t\n\t\t\t\t\t\t\t\n\t\t\t\t\t<a href=\"https:\/\/ambalaje-oradea.ro\/author\/admin\/\" class=\"author\" rel=\"author\">Ovi<\/a>\n\t\t\t\t\t\t\t\t\t<\/div>\n\t\t\t\t\t<div class=\"wd-modified-date\">\n\t\t\t\t\t\t\t\t<time class=\"updated\" datetime=\"2021-09-14T07:00:58+02:00\">\n\t\t\tseptembrie 14, 2021\t\t<\/time>\n\t\t\t\t\t\t\t<\/div>\n\n\t\t\t\t\t\t\t\t\t\t\t<div tabindex=\"0\" class=\"wd-post-share wd-tltp\">\n\t\t\t\t\t\t\t<div class=\"tooltip top\">\n\t\t\t\t\t\t\t\t<div class=\"tooltip-inner\">\n\t\t\t\t\t\t\t\t\t\t\t\t<div\n\t\t\t\t\t\tclass=\" wd-social-icons  wd-style-default wd-size-small social-share wd-shape-circle color-scheme-light text-center\">\n\t\t\t\t\n\t\t\t\t\n\t\t\t\t\t\t\t\t\t<a rel=\"noopener noreferrer nofollow\" href=\"https:\/\/www.facebook.com\/sharer\/sharer.php?u=https:\/\/ambalaje-oradea.ro\/category\/mediu-inconjurator\/\" target=\"_blank\" class=\" wd-social-icon social-facebook\" aria-label=\"Facebook social link\">\n\t\t\t\t\t\t<span class=\"wd-icon\"><\/span>\n\t\t\t\t\t\t\t\t\t\t\t<\/a>\n\t\t\t\t\n\t\t\t\t\t\t\t\t\t<a rel=\"noopener noreferrer nofollow\" href=\"https:\/\/x.com\/share?url=https:\/\/ambalaje-oradea.ro\/category\/mediu-inconjurator\/\" target=\"_blank\" class=\" wd-social-icon social-twitter\" aria-label=\"X social link\">\n\t\t\t\t\t\t<span class=\"wd-icon\"><\/span>\n\t\t\t\t\t\t\t\t\t\t\t<\/a>\n\t\t\t\t\n\t\t\t\t\n\t\t\t\t\n\t\t\t\t\n\t\t\t\t\n\t\t\t\t\n\t\t\t\t\t\t\t\t\t<a rel=\"noopener noreferrer nofollow\" href=\"https:\/\/pinterest.com\/pin\/create\/button\/?url=https:\/\/ambalaje-oradea.ro\/category\/mediu-inconjurator\/&media=https:\/\/ambalaje-oradea.ro\/wp-content\/uploads\/2021\/09\/Reutilizarea-cea-mai-simpla-metoda-de-a-recicla-pungile-de-plastic-1.jpg&description=Reutilizarea%2C+cea+mai+simpl%C4%83+metod%C4%83+de+a+recicla+pungile+de+plastic\" target=\"_blank\" class=\" wd-social-icon social-pinterest\" aria-label=\"Pinterest social link\">\n\t\t\t\t\t\t<span class=\"wd-icon\"><\/span>\n\t\t\t\t\t\t\t\t\t\t\t<\/a>\n\t\t\t\t\n\t\t\t\t\n\t\t\t\t\t\t\t\t\t<a rel=\"noopener noreferrer nofollow\" href=\"https:\/\/www.linkedin.com\/shareArticle?mini=true&url=https:\/\/ambalaje-oradea.ro\/category\/mediu-inconjurator\/\" target=\"_blank\" class=\" wd-social-icon social-linkedin\" aria-label=\"Linkedin social link\">\n\t\t\t\t\t\t<span class=\"wd-icon\"><\/span>\n\t\t\t\t\t\t\t\t\t\t\t<\/a>\n\t\t\t\t\n\t\t\t\t\n\t\t\t\t\n\t\t\t\t\n\t\t\t\t\n\t\t\t\t\n\t\t\t\t\n\t\t\t\t\n\t\t\t\t\n\t\t\t\t\n\t\t\t\t\n\t\t\t\t\n\t\t\t\t\n\t\t\t\t\n\t\t\t\t\n\t\t\t\t\t\t\t\t\t<a rel=\"noopener noreferrer nofollow\" href=\"https:\/\/telegram.me\/share\/url?url=https:\/\/ambalaje-oradea.ro\/category\/mediu-inconjurator\/\" target=\"_blank\" class=\" wd-social-icon social-tg\" aria-label=\"Telegram social link\">\n\t\t\t\t\t\t<span class=\"wd-icon\"><\/span>\n\t\t\t\t\t\t\t\t\t\t\t<\/a>\n\t\t\t\t\n\t\t\t\t\n\t\t\t<\/div>\n\n\t\t\t\t\t\t\t\t\t\t<\/div>\n\t\t\t\t\t\t\t\t<div class=\"tooltip-arrow\"><\/div>\n\t\t\t\t\t\t\t<\/div>\n\t\t\t\t\t\t<\/div>\n\t\t\t\t\t\n\t\t\t\t\t\t\t\t\t<\/div>\n\t\t\t\n\t\t\t\t\t\t\t\t\t\t\t\t<div class=\"wd-post-excerpt entry-content\">\n\t\t\t\t\t\tInteresul oamenilor \u0219i al companiilor \u00een ceea ce prive\u0219te reciclarea \u0219i ecologia \u00een general, este \u00een cre\u0219tere \u00een ultimii ani. Sustenabilitatea din acest punct de vedere este \u0219i va fi \u00een continuare unul dintre punctele fierbin\u021bi de dezbatere at\u00e2t \u00een mediile business c\u00e2t \u0219i \u00een cele mai pu\u021bin oficiale. Cunoa\u0219tem...\t\t\t\t\t<\/div>\n\t\t\t\t\n\t\t\t\t\t\t\t\t\t\t\t\t\t\t<div class=\"wd-post-read-more wd-style-link read-more-section\">\n\t\t\t\t\t\t<a class=\"\" href=\"https:\/\/ambalaje-oradea.ro\/reutilizarea-cea-mai-simpla-metoda-de-a-recicla-pungile-de-plastic\/\">Citeste mai departe<\/a>\t\t\t\t\t<\/div>\n\t\t\t\t\t\t\t\t\t\t\t\t\t<\/div>\n\t<\/div>\n<\/article>\n\n\t\t\t\t\t\n\t\t\t\t\t","status":"no-more-posts","nextPage":"?woo_ajax=1","currentPage":"https:\/\/ambalaje-oradea.ro\/category\/mediu-inconjurator\/page\/2"}